{"id":3425,"date":"2021-10-25T13:54:13","date_gmt":"2021-10-25T13:54:13","guid":{"rendered":"https:\/\/manofacto31.com\/?p=3425"},"modified":"2021-10-25T13:54:13","modified_gmt":"2021-10-25T13:54:13","slug":"invitee-du-mois-decembre-2021-janvier-2022","status":"publish","type":"post","link":"https:\/\/manofacto31.com\/?p=3425","title":{"rendered":"Invit\u00e9e du mois &#8211; d\u00e9cembre 2021 \/ janvier 2022"},"content":{"rendered":"<h1>Delphine Soulier<\/h1>\r\n<h1><!-- \/wp:post-content -->\r\n\r\n<!-- wp:paragraph --><\/h1>\r\n<p>Retrouvez les illustrations et les suspensions mobiles de Delphine Soulier dans la vitrine \u00ab\u00a0Invit\u00e9 du mois\u00a0\u00bb de Mano Facto en<strong> d\u00e9cembre 2021<\/strong>\u00a0et en<strong> janvier 2022<\/strong> !<br \/>Vernissage de l&rsquo;exposition le <strong>jeudi 2 d\u00e9cembre 2021 \u00e0 18h.<\/strong><br \/><a href=\"https:\/\/www.delphines.net\/\">Site internet<\/a><\/p>\r\n<p>\u00ab\u00a0Je suis plasticienne illustratrice install\u00e9e \u00e0 Toulouse.<br \/><br \/>Je dessine et compose un espace interm\u00e9diaire o\u00f9 s\u2019animent la nature et<br \/>des \u00eatres complexes.<br \/><br \/>La suspension mobile est le fruit d\u2019une recherche sur la mise en volume<br \/>du dessin, employant le fil de fer et le papier.<br \/>Des silhouettes dansent et se balancent gaiement dans leur bulle en<br \/>l\u00e9vitation, volent avec les oiseaux, p\u00eachent les \u00e9toiles et r\u00eavent de<br \/>papillon g\u00e9ant.\u00a0\u00bb<\/p>\r\n<p>Delphine Soulier<\/p>\r\n<p><img loading=\"lazy\" decoding=\"async\" class=\"alignnone wp-image-3426 size-thumbnail\" src=\"https:\/\/manofacto31.com\/wp-content\/uploads\/2021\/10\/AFFICHE-INVITE-DU-MOIS-180x135.png\" alt=\"\" width=\"180\" height=\"135\" \/><\/p>","protected":false},"excerpt":{"rendered":"<p>Delphine Soulier Retrouvez les illustrations et les suspensions mobiles de Delphine Soulier dans la vitrine \u00ab\u00a0Invit\u00e9 du mois\u00a0\u00bb de Mano Facto en d\u00e9cembre 2021\u00a0et en janvier 2022 !Vernissage de l&rsquo;exposition le jeudi 2 d\u00e9cembre 2021 \u00e0 18h.Site internet \u00ab\u00a0Je suis &hellip; <a class=\"more-link\" href=\"https:\/\/manofacto31.com\/?p=3425\">Lire la suite <span class=\"meta-nav\">&rarr;<\/span><\/a><\/p>\n","protected":false},"author":5,"featured_media":3426,"comment_status":"closed","ping_status":"open","sticky":false,"template":"","format":"standard","meta":{"saved_in_kubio":false,"footnotes":""},"categories":[1],"tags":[],"class_list":["post-3425","post","type-post","status-publish","format-standard","has-post-thumbnail","hentry","category-non-classe"],"_links":{"self":[{"href":"https:\/\/manofacto31.com\/index.php?rest_route=\/wp\/v2\/posts\/3425","targetHints":{"allow":["GET"]}}],"collection":[{"href":"https:\/\/manofacto31.com\/index.php?rest_route=\/wp\/v2\/posts"}],"about":[{"href":"https:\/\/manofacto31.com\/index.php?rest_route=\/wp\/v2\/types\/post"}],"author":[{"embeddable":true,"href":"https:\/\/manofacto31.com\/index.php?rest_route=\/wp\/v2\/users\/5"}],"replies":[{"embeddable":true,"href":"https:\/\/manofacto31.com\/index.php?rest_route=%2Fwp%2Fv2%2Fcomments&post=3425"}],"version-history":[{"count":1,"href":"https:\/\/manofacto31.com\/index.php?rest_route=\/wp\/v2\/posts\/3425\/revisions"}],"predecessor-version":[{"id":3427,"href":"https:\/\/manofacto31.com\/index.php?rest_route=\/wp\/v2\/posts\/3425\/revisions\/3427"}],"wp:featuredmedia":[{"embeddable":true,"href":"https:\/\/manofacto31.com\/index.php?rest_route=\/wp\/v2\/media\/3426"}],"wp:attachment":[{"href":"https:\/\/manofacto31.com\/index.php?rest_route=%2Fwp%2Fv2%2Fmedia&parent=3425"}],"wp:term":[{"taxonomy":"category","embeddable":true,"href":"https:\/\/manofacto31.com\/index.php?rest_route=%2Fwp%2Fv2%2Fcategories&post=3425"},{"taxonomy":"post_tag","embeddable":true,"href":"https:\/\/manofacto31.com\/index.php?rest_route=%2Fwp%2Fv2%2Ftags&post=3425"}],"curies":[{"name":"wp","href":"https:\/\/api.w.org\/{rel}","templated":true}]}}