{"id":3700,"date":"2023-09-13T12:07:59","date_gmt":"2023-09-13T12:07:59","guid":{"rendered":"https:\/\/manofacto31.com\/?p=3700"},"modified":"2023-09-13T12:09:36","modified_gmt":"2023-09-13T12:09:36","slug":"invitee-du-mois-aout-septembre2023","status":"publish","type":"post","link":"https:\/\/manofacto31.com\/?p=3700","title":{"rendered":"Invit\u00e9e du mois &#8211; aout\/septembre2023"},"content":{"rendered":"<h1>Emilie Roze<\/h1>\n<h1>-bijoux porcelaine &#8211;<\/h1>\n<h3><\/h3>\n<div class=\"x1pi30zi x1swvt13\">\n<div class=\"x1ni5s2d\">\n<div class=\"xdj266r x11i5rnm xat24cr x1mh8g0r x1vvkbs\"><span class=\"x3nfvp2 x1j61x8r x1fcty0u xdj266r xhhsvwb xat24cr xgzva0m xxymvpz xlup9mm x1kky2od\"><img loading=\"lazy\" decoding=\"async\" src=\"https:\/\/static.xx.fbcdn.net\/images\/emoji.php\/v9\/t8c\/1\/16\/1f389.png\" alt=\"&#x1f389;\" width=\"16\" height=\"16\" \/><\/span> Jeudi 7 septembre \u00e0 partir de 18h chez Mano Facto <span class=\"x3nfvp2 x1j61x8r x1fcty0u xdj266r xhhsvwb xat24cr xgzva0m xxymvpz xlup9mm x1kky2od\"><img loading=\"lazy\" decoding=\"async\" src=\"https:\/\/static.xx.fbcdn.net\/images\/emoji.php\/v9\/t8c\/1\/16\/1f389.png\" alt=\"&#x1f389;\" width=\"16\" height=\"16\" \/><\/span><\/div>\n<div class=\"x11i5rnm xat24cr x1mh8g0r x1vvkbs xtlvy1s\">Bienvenue au vernissage de Emilie Roze, notre invit\u00e9 du mois d&rsquo;ao\u00fbt-septembre !<\/div>\n<div class=\"x11i5rnm xat24cr x1mh8g0r x1vvkbs xtlvy1s\">Bijoux en porcelaine :<br \/>\n\u00ab Je propose des bijoux en porcelaine et en verre depuis l&rsquo;ann\u00e9e 2009 en Ari\u00e8ge, au Mas d&rsquo;Azil.<br \/>\nDans mon atelier, je cr\u00e9e des bijoux en porcelaine sur lesquels je dessine des motifs avec des oxydes<br \/>\ncolor\u00e9s. J&rsquo;applique aussi sur certaines pi\u00e8ces de l&rsquo;or liquide au pinceau. Je me r\u00e9gale \u00e0 les d\u00e9corer en<br \/>\nabordant divers th\u00e8mes, la nature avec les oiseaux et les insectes, les anciennes voitures&#8230; et ainsi je<br \/>\npropose des petites collections. Je cr\u00e9e des petits tableaux en renouant avec une de mes passions<br \/>\npremi\u00e8res, le dessin.<br \/>\nJe propose \u00e9galement des bijoux en verre que je travaille de deux mani\u00e8res diff\u00e9rentes, \u00e0 la flamme pour<br \/>\nles perles, donc dans la flamme du chalumeau et \u00e0 froid avec le fusing. Je travaille beaucoup sur les<br \/>\ncouleurs, leurs associations.<br \/>\nMes cr\u00e9ations sont des pi\u00e8ces uniques et des petites s\u00e9ries, majoritairement mont\u00e9s sur argent ou gold<br \/>\nfilled.\u00bb<br \/>\nEmilie Roze, <a class=\"x1i10hfl xjbqb8w x6umtig x1b1mbwd xaqea5y xav7gou x9f619 x1ypdohk xt0psk2 xe8uvvx xdj266r x11i5rnm xat24cr x1mh8g0r xexx8yu x4uap5 x18d9i69 xkhd6sd x16tdsg8 x1hl2dhg xggy1nq x1a2a7pz xt0b8zv x1fey0fg\" tabindex=\"0\" role=\"link\" href=\"https:\/\/www.instagram.com\/emilie0roze\/?fbclid=IwAR0WrWecLuw9ODg3lW_cMjPLZv5AqxZOTAcJ4Agi3x0GhCDnIlKG-igtDi0\" target=\"_blank\" rel=\"nofollow noopener noreferrer\">https:\/\/www.instagram.com\/emilie0roze\/<\/a><\/div>\n<div class=\"x11i5rnm xat24cr x1mh8g0r x1vvkbs xtlvy1s\">Exposition du 1er ao\u00fbt au 30 septembre 2023.<br \/>\nVernissage le jeudi 7 septembre \u00e0 partir de 18h<\/div>\n<div class=\"x11i5rnm xat24cr x1mh8g0r x1vvkbs xtlvy1s\"><span class=\"x3nfvp2 x1j61x8r x1fcty0u xdj266r xhhsvwb xat24cr xgzva0m xxymvpz xlup9mm x1kky2od\"><img loading=\"lazy\" decoding=\"async\" src=\"https:\/\/static.xx.fbcdn.net\/images\/emoji.php\/v9\/tf4\/1\/16\/2728.png\" alt=\"&#x2728;\" width=\"16\" height=\"16\" \/><\/span> Les vernissages de Mano Facto sont toujours un moment convivial et ouvert \u00e0 tous en pr\u00e9sence de l\u2019exposant-e et des cr\u00e9ateurs du collectif.<br \/>\nInviter vos amis et venez partager ce chouette moment avec nous !<\/div>\n<div class=\"x11i5rnm xat24cr x1mh8g0r x1vvkbs xtlvy1s\">L\u2019invit\u00e9-e du mois expose toujours pendant deux mois dans la vitrine de notre boutique, ainsi, les vernissages ont lieu tous les deux mois, le premier jeudi du mois. <span class=\"x3nfvp2 x1j61x8r x1fcty0u xdj266r xhhsvwb xat24cr xgzva0m xxymvpz xlup9mm x1kky2od\"><img loading=\"lazy\" decoding=\"async\" src=\"https:\/\/static.xx.fbcdn.net\/images\/emoji.php\/v9\/t57\/1\/16\/1f609.png\" alt=\"&#x1f609;\" width=\"16\" height=\"16\" \/><\/span><\/div>\n<div class=\"x11i5rnm xat24cr x1mh8g0r x1vvkbs xtlvy1s\">Mano Facto :<br \/>\nBoutique &amp; collectif de cr\u00e9ateurs<br \/>\n19 rue du Coq d&rsquo;Inde, 31000 Toulouse<br \/>\nEsquirol\/Carmes, \u00e0 deux pas de la Place de la Trinit\u00e9.<br \/>\n<a class=\"x1i10hfl xjbqb8w x6umtig x1b1mbwd xaqea5y xav7gou x9f619 x1ypdohk xt0psk2 xe8uvvx xdj266r x11i5rnm xat24cr x1mh8g0r xexx8yu x4uap5 x18d9i69 xkhd6sd x16tdsg8 x1hl2dhg xggy1nq x1a2a7pz xt0b8zv x1fey0fg\" tabindex=\"0\" role=\"link\" href=\"https:\/\/l.facebook.com\/l.php?u=https%3A%2F%2Fmanofacto31.com%2F%3Ffbclid%3DIwAR2XIQNeX80sRLOp9Prck4P9bbzAo3Tl9LFRvkF-CG_wtmCdj8Ird2-3PZ4&amp;h=AT0fa3oiYDyQzVzsMPCreXCi49M8evPeNoIomgzpxeekWBa-LhYcBk2Cyt2HMZ79OXfD1w3XlwHiWcoaD1kcV1CRs23YQcxVt0zSzOj94UUIQO80tzNAV0XPvMdTNj-lrQ&amp;__tn__=q&amp;c[0]=AT0NuCm9eltKlbsZp4IDj_52ymYFhCMABR_6gWojxaUFbOpzvRGC7qqSHMphy8lHeAJdab_eJojfOxxyby0zBIsigLj2Rhws60NA2FZDR2Y6vSI5wkmNrdWxerciTe2CKcALsZIN-VCFa1X21wrTNCSuRzI5\" target=\"_blank\" rel=\"nofollow noopener noreferrer\">https:\/\/manofacto31.com\/<\/a><\/p>\n<div class=\"x1i10hfl xjbqb8w x6umtig x1b1mbwd xaqea5y xav7gou x9f619 x1ypdohk xt0psk2 xe8uvvx xdj266r x11i5rnm xat24cr x1mh8g0r xexx8yu x4uap5 x18d9i69 xkhd6sd x16tdsg8 x1hl2dhg xggy1nq x1a2a7pz xt0b8zv xzsf02u x1s688f\" tabindex=\"0\" role=\"button\">Voir moins<\/div>\n<\/div>\n<div class=\"x78zum5 x1a02dak\">\n<div>\n<div class=\"x6s0dn4 x1qhmfi1 x1lcm9me x1yr5g0i xrt01vj x10y3i5r x9f619 x78zum5 xl56j7k x12nagc x1gslohp x1y1aw1k x1sxyh0 xwib8y2 xurb0ha\"><span class=\"x193iq5w xeuugli x13faqbe x1vvkbs x1xmvt09 x1lliihq x1s928wv xhkezso x1gmr53x x1cpjm7i x1fgarty x1943h6x x4zkp8e x676frb x1nxh6w3 x1sibtaa x1s688f xzsf02u\" dir=\"auto\">Toulouse<\/span><\/div>\n<\/div>\n<\/div>\n<\/div>\n<\/div>\n<p>&nbsp;<\/p>\n<p><img loading=\"lazy\" decoding=\"async\" class=\"alignnone wp-image-3701 size-full\" src=\"https:\/\/manofacto31.com\/wp-content\/uploads\/2023\/09\/360096053_1231148337744881_4899409105502380759_n.jpg\" alt=\"\" width=\"1448\" height=\"2048\" srcset=\"https:\/\/manofacto31.com\/wp-content\/uploads\/2023\/09\/360096053_1231148337744881_4899409105502380759_n.jpg 1448w, https:\/\/manofacto31.com\/wp-content\/uploads\/2023\/09\/360096053_1231148337744881_4899409105502380759_n-212x300.jpg 212w, https:\/\/manofacto31.com\/wp-content\/uploads\/2023\/09\/360096053_1231148337744881_4899409105502380759_n-724x1024.jpg 724w, https:\/\/manofacto31.com\/wp-content\/uploads\/2023\/09\/360096053_1231148337744881_4899409105502380759_n-768x1086.jpg 768w, https:\/\/manofacto31.com\/wp-content\/uploads\/2023\/09\/360096053_1231148337744881_4899409105502380759_n-1086x1536.jpg 1086w, https:\/\/manofacto31.com\/wp-content\/uploads\/2023\/09\/360096053_1231148337744881_4899409105502380759_n-600x849.jpg 600w\" sizes=\"(max-width: 1448px) 100vw, 1448px\" \/><\/p>\n","protected":false},"excerpt":{"rendered":"<p>Emilie Roze -bijoux porcelaine &#8211; Jeudi 7 septembre \u00e0 partir de 18h chez Mano Facto Bienvenue au vernissage de Emilie Roze, notre invit\u00e9 du mois d&rsquo;ao\u00fbt-septembre ! Bijoux en porcelaine : \u00ab Je propose des bijoux en porcelaine et en &hellip; <a class=\"more-link\" href=\"https:\/\/manofacto31.com\/?p=3700\">Lire la suite <span class=\"meta-nav\">&rarr;<\/span><\/a><\/p>\n","protected":false},"author":5,"featured_media":3703,"comment_status":"closed","ping_status":"open","sticky":false,"template":"","format":"standard","meta":{"saved_in_kubio":false,"footnotes":""},"categories":[1],"tags":[],"class_list":["post-3700","post","type-post","status-publish","format-standard","has-post-thumbnail","hentry","category-non-classe"],"_links":{"self":[{"href":"https:\/\/manofacto31.com\/index.php?rest_route=\/wp\/v2\/posts\/3700","targetHints":{"allow":["GET"]}}],"collection":[{"href":"https:\/\/manofacto31.com\/index.php?rest_route=\/wp\/v2\/posts"}],"about":[{"href":"https:\/\/manofacto31.com\/index.php?rest_route=\/wp\/v2\/types\/post"}],"author":[{"embeddable":true,"href":"https:\/\/manofacto31.com\/index.php?rest_route=\/wp\/v2\/users\/5"}],"replies":[{"embeddable":true,"href":"https:\/\/manofacto31.com\/index.php?rest_route=%2Fwp%2Fv2%2Fcomments&post=3700"}],"version-history":[{"count":1,"href":"https:\/\/manofacto31.com\/index.php?rest_route=\/wp\/v2\/posts\/3700\/revisions"}],"predecessor-version":[{"id":3702,"href":"https:\/\/manofacto31.com\/index.php?rest_route=\/wp\/v2\/posts\/3700\/revisions\/3702"}],"wp:featuredmedia":[{"embeddable":true,"href":"https:\/\/manofacto31.com\/index.php?rest_route=\/wp\/v2\/media\/3703"}],"wp:attachment":[{"href":"https:\/\/manofacto31.com\/index.php?rest_route=%2Fwp%2Fv2%2Fmedia&parent=3700"}],"wp:term":[{"taxonomy":"category","embeddable":true,"href":"https:\/\/manofacto31.com\/index.php?rest_route=%2Fwp%2Fv2%2Fcategories&post=3700"},{"taxonomy":"post_tag","embeddable":true,"href":"https:\/\/manofacto31.com\/index.php?rest_route=%2Fwp%2Fv2%2Ftags&post=3700"}],"curies":[{"name":"wp","href":"https:\/\/api.w.org\/{rel}","templated":true}]}}